{"id":3176,"date":"2024-07-07T16:06:54","date_gmt":"2024-07-07T14:06:54","guid":{"rendered":"https:\/\/inselschule-juist.de\/?p=3176"},"modified":"2024-07-07T16:06:54","modified_gmt":"2024-07-07T14:06:54","slug":"voila-les-diplomes-inselschueler-glaenzen-bei-franzoesischpruefung","status":"publish","type":"post","link":"https:\/\/inselschule-juist.de\/?p=3176","title":{"rendered":"Voil\u00e0 les dipl\u00f4mes &#8211; Inselsch\u00fcler gl\u00e4nzen bei Franz\u00f6sischpr\u00fcfung"},"content":{"rendered":"<p>Auch in diesem Schuljahr haben zehn Sch\u00fclerInnen der Inselschule wieder ihre F\u00e4higkeiten im Fach Franz\u00f6sisch unter Beweis gestellt. Durch viel Flei\u00df &#8211; wie die Teilnahme an der Extrastunde Franz\u00f6sisch pro Woche beweist &#8211; gelang es allen zehn TeilnehmerInnen, das sogenannte \u201eDELF-Diplom\u201c (Dipl\u00f4me d\u2019\u00c9tudes en langue fran\u00e7aise) der Niveaustufen A1 oder A2 mit Bravour zu erhalten. Es wurde Franz\u00f6sisch gesprochen, geh\u00f6rt, gelesen und geschrieben, um sich damit peu \u00e0 peu auf die gro\u00dfe Pr\u00fcfung vorzubereiten. Die schriftlichen Pr\u00fcfungen (H\u00f6rverstehen, Leseverstehen, Schreiben) wurden in der Inselschule unter Aufsicht von Frau Muchow abgelegt. F\u00fcr die Sprechpr\u00fcfung freuten sich die Sch\u00fclerInnen \u00fcber den Besuch von Marie Birken, die extra aus dem Institut fran\u00e7ais Bremen angereist kam und mit ihrer beruhigenden Art alle Sch\u00fclerInnen sehr erfolgreich durch die Pr\u00fcfungen begleitete. Hierf\u00fcr geb\u00fchrt ihr ein \u201emerci beaucoup\u201c!<\/p>\n<p>Ein herzlicher Dank geht zudem an den F\u00f6rderverein der Inselschule, der mit der \u00dcbernahme der \u00dcbernachtungskosten f\u00fcr die Pr\u00fcferin einen gro\u00dfen Anteil an dem reibungslosen Pr\u00fcfungsablauf beisteuerte.<\/p>\n<p>Das DELF-Diplom der Niveaustufe A1 haben erhalten: Lennard Bohlen, Pepe Bolte, Marcel Czapla, Lea Kattwinkel, Jarne K\u00f6hler, Donna Magull, Leif Rippe<\/p>\n<p>Das DELF-Diplom der Niveaustufe A2 haben erhalten: Sara Lena Abel, Sarah Gapios, Aike Jabbo Janssen-Visser<\/p>\n<p>&nbsp;<\/p>\n<pre><img loading=\"lazy\" decoding=\"async\" class=\"size-medium wp-image-3177 aligncenter\" src=\"http:\/\/inselschule-juist.de\/wp-content\/uploads\/2024\/06\/Delftpruefung-2024-300x225.jpg\" alt=\"\" width=\"300\" height=\"225\" srcset=\"https:\/\/inselschule-juist.de\/wp-content\/uploads\/2024\/06\/Delftpruefung-2024-300x225.jpg 300w, https:\/\/inselschule-juist.de\/wp-content\/uploads\/2024\/06\/Delftpruefung-2024-1024x768.jpg 1024w, https:\/\/inselschule-juist.de\/wp-content\/uploads\/2024\/06\/Delftpruefung-2024-768x576.jpg 768w, https:\/\/inselschule-juist.de\/wp-content\/uploads\/2024\/06\/Delftpruefung-2024-1536x1152.jpg 1536w, https:\/\/inselschule-juist.de\/wp-content\/uploads\/2024\/06\/Delftpruefung-2024-350x263.jpg 350w, https:\/\/inselschule-juist.de\/wp-content\/uploads\/2024\/06\/Delftpruefung-2024.jpg 2048w\" sizes=\"auto, (max-width: 300px) 100vw, 300px\" \/><\/pre>\n<p>&nbsp;<\/p>\n<pre>Foto von links nach rechts: Lea Kattwinkel, Sarah Gapios, Elena Muchow, Donna Magull, Sara Lena Abel, Lennard Bohlen, Leif Rippe, Marcel Czapla, Jarne K\u00f6hler, Aike Jabbo Janssen-Visser,&nbsp;Pepe&nbsp;Bolte<\/pre>\n","protected":false},"excerpt":{"rendered":"<p>Auch in diesem Schuljahr haben zehn Sch\u00fclerInnen der Inselschule wieder ihre F\u00e4higkeiten im Fach Franz\u00f6sisch unter Beweis gestellt. Durch viel Flei\u00df &#8211; wie die Teilnahme [&#8230;]<\/p>\n","protected":false},"author":116,"featured_media":3177,"comment_status":"closed","ping_status":"closed","sticky":false,"template":"","format":"standard","meta":{"ngg_post_thumbnail":0,"footnotes":""},"categories":[6],"tags":[],"class_list":["post-3176","post","type-post","status-publish","format-standard","has-post-thumbnail","hentry","category-aktuelles"],"_links":{"self":[{"href":"https:\/\/inselschule-juist.de\/index.php?rest_route=\/wp\/v2\/posts\/3176","targetHints":{"allow":["GET"]}}],"collection":[{"href":"https:\/\/inselschule-juist.de\/index.php?rest_route=\/wp\/v2\/posts"}],"about":[{"href":"https:\/\/inselschule-juist.de\/index.php?rest_route=\/wp\/v2\/types\/post"}],"author":[{"embeddable":true,"href":"https:\/\/inselschule-juist.de\/index.php?rest_route=\/wp\/v2\/users\/116"}],"replies":[{"embeddable":true,"href":"https:\/\/inselschule-juist.de\/index.php?rest_route=%2Fwp%2Fv2%2Fcomments&post=3176"}],"version-history":[{"count":1,"href":"https:\/\/inselschule-juist.de\/index.php?rest_route=\/wp\/v2\/posts\/3176\/revisions"}],"predecessor-version":[{"id":3178,"href":"https:\/\/inselschule-juist.de\/index.php?rest_route=\/wp\/v2\/posts\/3176\/revisions\/3178"}],"wp:featuredmedia":[{"embeddable":true,"href":"https:\/\/inselschule-juist.de\/index.php?rest_route=\/wp\/v2\/media\/3177"}],"wp:attachment":[{"href":"https:\/\/inselschule-juist.de\/index.php?rest_route=%2Fwp%2Fv2%2Fmedia&parent=3176"}],"wp:term":[{"taxonomy":"category","embeddable":true,"href":"https:\/\/inselschule-juist.de\/index.php?rest_route=%2Fwp%2Fv2%2Fcategories&post=3176"},{"taxonomy":"post_tag","embeddable":true,"href":"https:\/\/inselschule-juist.de\/index.php?rest_route=%2Fwp%2Fv2%2Ftags&post=3176"}],"curies":[{"name":"wp","href":"https:\/\/api.w.org\/{rel}","templated":true}]}}